{"id":735,"date":"2015-02-26T12:31:30","date_gmt":"2015-02-26T10:31:30","guid":{"rendered":"http:\/\/pixolus.de\/?p=735"},"modified":"2017-04-25T15:09:40","modified_gmt":"2017-04-25T13:09:40","slug":"das-erste-mal-aussteller-auf-der-e-world","status":"publish","type":"post","link":"https:\/\/pixolus.de\/en\/blog\/das-erste-mal-aussteller-auf-der-e-world\/","title":{"rendered":"Das erste Mal Aussteller auf der E-world"},"content":{"rendered":"<p>Mitte Februar fand die <strong><a href=\"http:\/\/http:\/\/www.e-world-essen.com\" title=\"E-world water &#038; energy\" target=\"_blank\">E-world water &#038; energy<\/a><\/strong> in Essen statt. 2014 waren wir als Besucher dort \u2013 2015 hatte pixolus einen eigenen Messestand. Und hier war viel los: Viele Verantwortliche von Stadtwerken und Energieversorgern bis hin zu Privatleuten und Medienvertretern machten sich ein Bild. <\/p>\n<div id=\"attachment_736\" style=\"width: 310px\" class=\"wp-caption alignleft\"><a href=\"http:\/\/pixolus.de\/wp-content\/uploads\/2015\/02\/E-world-2015-Steffen-im-Interview-mit-RTL-West.jpg\"><img aria-describedby=\"caption-attachment-736\" loading=\"lazy\" src=\"http:\/\/pixolus.de\/wp-content\/uploads\/2015\/02\/E-world-2015-Steffen-im-Interview-mit-RTL-West-300x169.jpg\" alt=\"E-world 2015 - Dr. Steffen Kamp (pixolus) im Interview mit RTL West\" width=\"375\" height=\"211\" class=\"size-medium wp-image-736\" srcset=\"https:\/\/pixolus.de\/wp-content\/uploads\/2015\/02\/E-world-2015-Steffen-im-Interview-mit-RTL-West-300x169.jpg 300w, https:\/\/pixolus.de\/wp-content\/uploads\/2015\/02\/E-world-2015-Steffen-im-Interview-mit-RTL-West.jpg 842w\" sizes=\"(max-width: 375px) 100vw, 375px\" \/><\/a><p id=\"caption-attachment-736\" class=\"wp-caption-text\">Dr. Steffen Kamp im Interview mit RTL (\u00a9pixolus)<\/p><\/div>\n<p>Besonders spannend: Mit DGMK und anyline hatten zwei weitere Anbieter von Z\u00e4hlerstandserfassung per Smartphone-Kamera einen Messestand auf der E-World \u2013 Messebesucher konnten also die verschiedenen L\u00f6sungen vergleichen und Erkennungsqualit\u00e4ten beurteilen. Wir denken, daran zeigt sich, dass gerade ein Markt zur Z\u00e4hlerstands- erkennung per App entsteht. <\/p>\n<p>Bei uns konnten Messebesucher mit ausgelegten Smartphones und Tablets (iOS, Android und Windows Desktop) unsere <strong><a href=\"http:\/\/pixometer.io\/\" title=\"Z\u00e4hlerstand ablesen per pixometer App\" target=\"_blank\">Z\u00e4hlerstands-App pixometer<\/a><\/strong> ausprobieren. Und es gab unser <strong><a href=\"http:\/\/youtu.be\/8-EFXbrahBY\" title=\"Messevideo \u00fcber die pixometer App\" target=\"_blank\">Messevideo<\/a><\/strong> zu sehen &#8211; zentrale Botschaft: \u201eSparen Sie mit pixometer Zeit, Geld und Nerven.\u201c<\/p>\n<div id=\"attachment_748\" style=\"width: 310px\" class=\"wp-caption alignright\"><a href=\"http:\/\/pixolus.de\/wp-content\/uploads\/2015\/02\/E-world-2015-Ansicht-Bildschirm-mit-Messevideo.jpg\"><img aria-describedby=\"caption-attachment-748\" loading=\"lazy\" src=\"http:\/\/pixolus.de\/wp-content\/uploads\/2015\/02\/E-world-2015-Ansicht-Bildschirm-mit-Messevideo-300x225.jpg\" alt=\"Messevideo von pixolus (\u00a9pixolus)\" width=\"300\" height=\"225\" class=\"size-medium wp-image-748\" srcset=\"https:\/\/pixolus.de\/wp-content\/uploads\/2015\/02\/E-world-2015-Ansicht-Bildschirm-mit-Messevideo-300x225.jpg 300w, https:\/\/pixolus.de\/wp-content\/uploads\/2015\/02\/E-world-2015-Ansicht-Bildschirm-mit-Messevideo.jpg 816w\" sizes=\"(max-width: 300px) 100vw, 300px\" \/><\/a><p id=\"caption-attachment-748\" class=\"wp-caption-text\">Messevideo \u00fcber pixometer (\u00a9pixolus)<\/p><\/div>\n<p>Wir hatten mit <strong><a href=\"http:\/\/www.esn.de\" title=\"FFA Anbeiter ESN\" target=\"_blank\">ESN<\/a><\/strong> noch einen Mitaussteller am Stand und haben die gemeinsame L\u00f6sung zur Z\u00e4hlerstandserfassung im Workforce-Management-Tool GE FFA gezeigt. Auch die konnte man selbstverst\u00e4ndlich direkt am Stand ausprobieren.<\/p>\n<p>Mit einigen Presseberichten im Umfeld der E-world und einem Kurzvortrag von Mark auf dem <strong><a href=\"http:\/\/www.heise.de\/tr\/artikel\/Kongress-2015-Intelligente-Energie-2427488.html\" title=\"TR Innovationskongress 2015 &quot;Intelligente Energie&quot;\" target=\"_blank\">TR Innovationskongress<\/a><\/strong> der Technology Review (Heise) konnten wir viele Messebesucher auf pixometer aufmerksam machen. Ein wenig schade fanden wir es, dass wir selbst kaum die Zeit zum Besuch anderer Messest\u00e4nde fanden.<\/p>\n<p>Als K\u00f6lner fanden wir die Terminsetzung der E-world mit Weiberfastnacht als letztem Messetag nat\u00fcrlich nicht sonderlich gl\u00fccklich \u2013 aber erstens hat sich der Aufwand f\u00fcr uns gelohnt und zweitens hatten wir danach noch ausreichend Gelegenheit zum Karnevalfeiern in K\u00f6ln.<\/p>\n<p>\u00dcbrigens: \u201eNach der Messe ist vor der Messe\u201c \u2013 pixolus ist auch <strong><a href=\"http:\/\/www.cebit.de\/aussteller\/pixolus\/Q230375\" title=\"pixolus  - mobile visuelle Datenerfassung auf der CeBIT\" target=\"_blank\">Aussteller auf der CeBIT<\/a><\/strong> im M\u00e4rz in Hannover und im Mai auf der <strong><a href=\"http:\/\/www.z-m-p.de\/\" title=\"Fachkongress Z\u00e4hlen Messen Pr\u00fcfen\" target=\"_blank\">ZMP<\/a><\/strong> in Leipzig. Und 2016 kommen wir bestimmt wieder als Aussteller zu E-world nach Essen (dann ist Karneval \u00fcbrigens schon vorbei). (sk)<\/p>\n<p> <\/p>","protected":false},"excerpt":{"rendered":"<p>Mitte Februar fand die E-world water &#038; energy in Essen statt. 2014 waren wir als Besucher dort \u2013 2015 hatte pixolus einen eigenen Messestand. Und hier war viel los: Viele Verantwortliche von Stadtwerken und Energieversorgern bis hin zu Privatleuten und Medienvertretern machten sich ein Bild. Besonders spannend: Mit DGMK und anyline hatten zwei weitere Anbieter&hellip;<\/p>\n<p><a href=\"https:\/\/pixolus.de\/en\/blog\/das-erste-mal-aussteller-auf-der-e-world\/\" class=\"read-more-link\">Read More &rarr;<\/a><\/p>\n","protected":false},"author":8,"featured_media":0,"comment_status":"closed","ping_status":"closed","sticky":false,"template":"","format":"standard","meta":[],"categories":[1,37],"tags":[31,30,13,26],"_links":{"self":[{"href":"https:\/\/pixolus.de\/en\/wp-json\/wp\/v2\/posts\/735"}],"collection":[{"href":"https:\/\/pixolus.de\/en\/wp-json\/wp\/v2\/posts"}],"about":[{"href":"https:\/\/pixolus.de\/en\/wp-json\/wp\/v2\/types\/post"}],"author":[{"embeddable":true,"href":"https:\/\/pixolus.de\/en\/wp-json\/wp\/v2\/users\/8"}],"replies":[{"embeddable":true,"href":"https:\/\/pixolus.de\/en\/wp-json\/wp\/v2\/comments?post=735"}],"version-history":[{"count":19,"href":"https:\/\/pixolus.de\/en\/wp-json\/wp\/v2\/posts\/735\/revisions"}],"predecessor-version":[{"id":2113,"href":"https:\/\/pixolus.de\/en\/wp-json\/wp\/v2\/posts\/735\/revisions\/2113"}],"wp:attachment":[{"href":"https:\/\/pixolus.de\/en\/wp-json\/wp\/v2\/media?parent=735"}],"wp:term":[{"taxonomy":"category","embeddable":true,"href":"https:\/\/pixolus.de\/en\/wp-json\/wp\/v2\/categories?post=735"},{"taxonomy":"post_tag","embeddable":true,"href":"https:\/\/pixolus.de\/en\/wp-json\/wp\/v2\/tags?post=735"}],"curies":[{"name":"wp","href":"https:\/\/api.w.org\/{rel}","templated":true}]}}