{"id":82,"date":"2013-09-18T20:53:17","date_gmt":"2013-09-18T18:53:17","guid":{"rendered":"http:\/\/pixolus.de\/?p=82"},"modified":"2017-04-25T15:39:04","modified_gmt":"2017-04-25T13:39:04","slug":"wir-sind-bewilligt","status":"publish","type":"post","link":"https:\/\/pixolus.de\/en\/blog\/wir-sind-bewilligt\/","title":{"rendered":"Wir sind bewilligt"},"content":{"rendered":"<p><\/p>\n<p style=\"text-align: justify;\">Nicht einmal sechs Wochen hat es gedauert: Am 12.08.2013 haben wir unser Ideenpapier zusammen mit dem Stipendiumsantrag eingereicht und schon gestern, also am 17.09.2013, kam das Ergebnis, dass unser Vorhaben positiv bewertet und zur F\u00f6rderung empfohlen wurde \u00a0&#8212; d.h. nur f\u00fcnf Wochen und einen Tag nach der Abgabe. Somit werden wir (voraussichtlich) ab dem\u00a001.11.2013 f\u00fcr ein Jahr mit dem <a href=\"http:\/\/www.exist.de\/exist-gruenderstipendium\/\">EXIST-Gr\u00fcnderstipendium<\/a>\u00a0gef\u00f6rdert. Dieses Programm des Bundesministeriums f\u00fcr Wirtschaft und Energie wird durch den Europ\u00e4ischen Sozialfond kofinanziert und unterst\u00fctzt Hochschulabsolventen, die ihre Gr\u00fcndungsidee umsetzen m\u00f6chten.<\/p>\n<p style=\"text-align: justify;\">Alle Publikationen, die wir in dieser Zeit erstellen, sollen einen Hinweis auf das EXIST-Programm enthalten, also fange ich hier mit gutem Beispiel an und f\u00fcge die Logos ein:<\/p>\n<p style=\"text-align: justify;\"><a href=\"http:\/\/pixolus.de\/wp-content\/uploads\/2014\/01\/exist.png\"><img loading=\"lazy\" class=\"alignnone size-medium wp-image-83\" alt=\"exist\" src=\"http:\/\/pixolus.de\/wp-content\/uploads\/2014\/01\/exist-300x51.png\" width=\"371\" height=\"63\" srcset=\"https:\/\/pixolus.de\/wp-content\/uploads\/2014\/01\/exist-300x51.png 300w, https:\/\/pixolus.de\/wp-content\/uploads\/2014\/01\/exist.png 869w\" sizes=\"(max-width: 371px) 100vw, 371px\" \/><\/a><\/p>\n<p><\/p>","protected":false},"excerpt":{"rendered":"<p>Nicht einmal sechs Wochen hat es gedauert: Am 12.08.2013 haben wir unser Ideenpapier zusammen mit dem Stipendiumsantrag eingereicht und schon gestern, also am 17.09.2013, kam das Ergebnis, dass unser Vorhaben positiv bewertet und zur F\u00f6rderung empfohlen wurde \u00a0&#8212; d.h. nur f\u00fcnf Wochen und einen Tag nach der Abgabe. Somit werden wir (voraussichtlich) ab dem\u00a001.11.2013 f\u00fcr&hellip;<\/p>\n<p><a href=\"https:\/\/pixolus.de\/en\/blog\/wir-sind-bewilligt\/\" class=\"read-more-link\">Read More &rarr;<\/a><\/p>\n","protected":false},"author":3,"featured_media":0,"comment_status":"closed","ping_status":"closed","sticky":false,"template":"","format":"standard","meta":[],"categories":[7],"tags":[5],"_links":{"self":[{"href":"https:\/\/pixolus.de\/en\/wp-json\/wp\/v2\/posts\/82"}],"collection":[{"href":"https:\/\/pixolus.de\/en\/wp-json\/wp\/v2\/posts"}],"about":[{"href":"https:\/\/pixolus.de\/en\/wp-json\/wp\/v2\/types\/post"}],"author":[{"embeddable":true,"href":"https:\/\/pixolus.de\/en\/wp-json\/wp\/v2\/users\/3"}],"replies":[{"embeddable":true,"href":"https:\/\/pixolus.de\/en\/wp-json\/wp\/v2\/comments?post=82"}],"version-history":[{"count":10,"href":"https:\/\/pixolus.de\/en\/wp-json\/wp\/v2\/posts\/82\/revisions"}],"predecessor-version":[{"id":2121,"href":"https:\/\/pixolus.de\/en\/wp-json\/wp\/v2\/posts\/82\/revisions\/2121"}],"wp:attachment":[{"href":"https:\/\/pixolus.de\/en\/wp-json\/wp\/v2\/media?parent=82"}],"wp:term":[{"taxonomy":"category","embeddable":true,"href":"https:\/\/pixolus.de\/en\/wp-json\/wp\/v2\/categories?post=82"},{"taxonomy":"post_tag","embeddable":true,"href":"https:\/\/pixolus.de\/en\/wp-json\/wp\/v2\/tags?post=82"}],"curies":[{"name":"wp","href":"https:\/\/api.w.org\/{rel}","templated":true}]}}